{"id":3874,"date":"2024-11-04T08:13:00","date_gmt":"2024-11-04T07:13:00","guid":{"rendered":"https:\/\/faustinum.it\/?p=3874"},"modified":"2024-11-02T12:07:18","modified_gmt":"2024-11-02T11:07:18","slug":"testimonianze-dalle-giornate-internazionali-degli-apostoli-della-divina-misericordia-2024-parte-ii","status":"publish","type":"post","link":"https:\/\/faustinum.it\/?p=3874","title":{"rendered":"Testimonianze dalle Giornate Internazionali degli Apostoli della Divina Misericordia 2024 \u2013 Parte II"},"content":{"rendered":"\t\t<div data-elementor-type=\"wp-post\" data-elementor-id=\"3874\" class=\"elementor elementor-3874\" data-elementor-post-type=\"post\">\n\t\t\t\t<div class=\"elementor-element elementor-element-5bc693d e-flex e-con-boxed e-con e-parent\" data-id=\"5bc693d\" data-element_type=\"container\" data-e-type=\"container\">\n\t\t\t\t\t<div class=\"e-con-inner\">\n\t\t\t\t<div class=\"elementor-element elementor-element-5acd3da elementor-widget elementor-widget-heading\" data-id=\"5acd3da\" data-element_type=\"widget\" data-e-type=\"widget\" data-widget_type=\"heading.default\">\n\t\t\t\t<div class=\"elementor-widget-container\">\n\t\t\t\t\t<h2 class=\"elementor-heading-title elementor-size-default\">Per glorificare Dio per tutte le grazie ricevute durante le Giornate Internazionali degli Apostoli della Divina Misericordia, condividiamo con voi alcune testimonianze dei partecipanti.<\/h2>\t\t\t\t<\/div>\n\t\t\t\t<\/div>\n\t\t\t\t\t<\/div>\n\t\t\t\t<\/div>\n\t\t<div class=\"elementor-element elementor-element-d70f935 e-flex e-con-boxed e-con e-parent\" data-id=\"d70f935\" data-element_type=\"container\" data-e-type=\"container\">\n\t\t\t\t\t<div class=\"e-con-inner\">\n\t\t\t\t<div class=\"elementor-element elementor-element-f620d15 elementor-widget elementor-widget-text-editor\" data-id=\"f620d15\" data-element_type=\"widget\" data-e-type=\"widget\" data-widget_type=\"text-editor.default\">\n\t\t\t\t<div class=\"elementor-widget-container\">\n\t\t\t\t\t\t\t\t\t<p class=\"p1\"><span class=\"s1\"> \u00c8 stata una grande grazia per me poter partecipare alle Giornate Internazionali degli Apostoli della Misericordia 2024 a Cracovia-\u0141agiewniki dal 4 al 6 ottobre.<\/span><\/p><p class=\"p2\"><span class=\"s1\">Gi\u00e0 il fatto che mi sia stato permesso di volare da Malta per queste giornate la dice lunga. Ho incontrato molte difficolt\u00e0. Da Malta ho pregato ardentemente Ges\u00f9, come Santa Faustina: JEZU UFAM TOBIE! Ges\u00f9 confido in te! E Ges\u00f9 mi ha mostrato che \u00e8 schiavo delle sue promesse. L&#8217;ho visto aprire porte che non avrei mai immaginato.<\/span><\/p><p class=\"p2\"><span class=\"s1\"><span class=\"Apple-converted-space\">\u00a0 <\/span>Quando sono arrivato a \u0141agiewniki ho sentito una gioia profonda nel mio cuore. Ho capito subito che Ges\u00f9 avrebbe iniziato a guarirmi. All&#8217;inizio delle Giornate ho lottato e pianto molto. Ma, riflettendo a posteriori, erano grida di liberazione e di guarigione. L&#8217;adorazione serale di sabato 5 \u00e8 stata un grande balsamo per il mio cuore. Poi, la riunione di domenica mattina \u00e8 stata la ciliegina sulla torta. Dal mio cuore sono usciti fiumi di lacrime.<\/span><\/p><p class=\"p2\"><span class=\"s1\">In questi giorni ho capito una cosa: Io appartengo a Ges\u00f9 Misericordioso, appartengo a Faustinum e appartengo alla missione di trasmettere la Misericordia di Ges\u00f9 ovunque la Provvidenza mi mander\u00e0. L&#8217;incontro con molti altri Apostoli della Divina Misericordia mi ha fatto capire che Faustinum \u00e8 la mia famiglia ed \u00e8 anche per me una chiamata nella chiamata, come Santa Teresa di Calcutta, il cui compleanno cade il giorno della mia nascita e anche della mia professione perpetua come francescano cappuccino, nello stesso giorno in cui lei ha avuto la chiamata nella chiamata.<\/span><\/p><p class=\"p1\"><span class=\"s1\">Questo favoloso incontro mi ha fatto fare la mia preghiera con il Salmo 133: Ecco quanto \u00e8 buono e quanto \u00e8 soave che i fratelli vivano insieme!<span class=\"Apple-converted-space\">\u00a0 <\/span>\u00c8 come olio profumato sul capo, che scende sulla barba, sulla barba di Aronne, che scende sull&#8217;orlo della sua veste. \u00c8 come rugiada dell&#8217;Ermon, che scende sui monti di Sion. L\u00e0 il Signore dona la benedizione e la vita per sempre.<span class=\"Apple-converted-space\">\u00a0 <\/span>(Sal 133,1-3).<\/span><\/p><p class=\"p1\"><span class=\"s1\">Le Giornate Internazionali della Divina Misericordia 2024 mi hanno insegnato che la Divina Misericordia significa essere nella famiglia di Dio, crearla e invitare gli altri a trovare il loro posto in essa attraverso gli elementi di devozione. Misericordia Divina significa vivere la vita trinitaria insieme, qui sulla terra, come una famiglia. Significa: VENGA IL TUO REGNO COME IN CIELO COS\u00cc IN TERRA<\/span><\/p><p class=\"p2\"><em><span class=\"s1\">Padre Mario Attard OFM Cap, volontario di Faustinum, Malta<\/span><\/em><\/p><p>\u00a0<\/p><p class=\"p2\"><span class=\"s1\">La mia esperienza alle Giornate Internazionali degli Apostoli della Divina Misericordia del 4\/6 ottobre a Cracovia-Lagiewnki \u00e8 stata molto illuminante, perch\u00e9 ho incontrato e condiviso con gli altri un grande momento di pace e di grazia. La presenza dello Spirito Santo e di Santa Faustina era veramente sentita. Tutto era ben organizzato e le persone erano molto disponibili. <\/span><\/p><p class=\"p2\"><span class=\"s1\">Che Dio vi benedica nel vostro lavoro e nella vostra vita!<\/span><\/p><p class=\"p2\"><em><span class=\"s1\">Mickey Bradley, membro di Faustinum, Irlanda<\/span><\/em><\/p><p>\u00a0<\/p><p class=\"p2\"><span class=\"s1\">Ho capito in questi giorni che il Signore mi chiamava a essere perfetta&#8230;. Ma non \u00e8 la \u201cperfezione\u201d che mi aspettavo&#8230; A volte fa molto male&#8230; \u201cNon capisco il mio Sposo&#8230;\u201d, ho sentito dire da una delle sorelle. Beh, devo dire la stessa cosa, ma \u00e8 lo stesso per me: non posso smettere di amarLo, il mio povero cuore vuole amare, molto, nonostante tutto.<\/span><\/p><p class=\"p2\"><span class=\"s1\">Ges\u00f9 Misericordioso mi chiama alla santit\u00e0, alla perfezione che ho visto in questi giorni: smettere di soffrire, smettere di resistere all&#8217;amore, lasciare che il mio cuore ami e perdoni. Se vogliamo salvarci, dobbiamo guardare a Ges\u00f9 ed essere misericordiosi, perch\u00e9 siamo come samaritani (questo mi ha colpito) e salviamo gli altri con la misericordia.<\/span><\/p><p class=\"p2\"><span class=\"s1\">Ges\u00f9, confido in Te. Ti lodo, mio Signore.<\/span><\/p><p class=\"p2\"><span class=\"s1\">Mi \u00e8 piaciuta molto la gioia delle suore che erano felici di riceverci e il bisogno che ci hanno detto di invocare prima lo Spirito Santo.<\/span><\/p><p class=\"p2\"><span class=\"s1\">La confessione mi ha aiutato ad aprire il mio cuore per far entrare i raggi della Divina Misericordia e ho trovato il sacerdote misericordioso e comprensivo.<\/span><\/p><p class=\"p2\"><span class=\"s1\">Grazie per questi giorni. Grazie, Santa Faustina e Ges\u00f9 Misericordioso.<\/span><\/p><p class=\"p2\"><span class=\"s1\">Sia lodato nostro Signore Ges\u00f9 Cristo.<\/span><\/p><p class=\"p2\"><em><span class=\"s1\">Felicidad Izaguirre, membro di Faustinum, Spagna<\/span><\/em><\/p><p>\u00a0<\/p><p class=\"p2\"><span class=\"s1\">Ges\u00f9, confido in Te!<\/span><\/p><p class=\"p2\"><span class=\"s1\">Cari amici,<\/span><\/p><p class=\"p2\"><span class=\"s1\">Tutta la gloria a Dio! Credo fermamente che sia stata la misericordia di Dio a farmi essere presente alle Giornate Internazionali degli Apostoli della Divina Misericordia 2024 a Cracovia. \u00c8 stato un momento di grazia, di misericordia e di pace. Ho sentito di essere stato potenziato e acceso di nuovo per annunciare il messaggio della Divina Misericordia. <\/span><\/p><p class=\"p2\"><span class=\"s1\">Questa volta tutto \u00e8 stato davvero speciale per me, perch\u00e9 sono diventato ufficialmente membro dell&#8217;associazione Faustinum. L&#8217;incontro con persone provenienti da diverse parti del mondo che sono apostoli della misericordia \u00e8 stata un&#8217;esperienza unica per me. Ho conosciuto alcune persone e ascoltando i loro racconti e le loro esperienze mi sono arricchito.<\/span><\/p><p class=\"p2\"><span class=\"s1\">\u00c8 stato ben organizzato dalle suore. L&#8217;atmosfera era di preghiera. La presenza di vescovi, sacerdoti e suore ha aggiunto pi\u00f9 gioia all&#8217;incontro. <\/span><\/p><p class=\"p2\"><span class=\"s1\">Personalmente mi sono sentito stimolato a confidare sempre di pi\u00f9 in Ges\u00f9 e ad essere il suo strumento di misericordia ovunque io viva. Ringrazio Dio per questa grande opportunit\u00e0, ringrazio gli organizzatori e tutti i partecipanti che l&#8217;hanno resa possibile. Grazie a tutti. Dio ci benedica!<\/span><\/p><p class=\"p2\"><span class=\"s1\">Confidando in Ges\u00f9,<\/span><\/p><p class=\"p2\"><em><span class=\"s1\">Padre Giorgio Giuseppe SVD, membro di Faustinum, India<\/span><\/em><\/p>\t\t\t\t\t\t\t\t<\/div>\n\t\t\t\t<\/div>\n\t\t\t\t\t<\/div>\n\t\t\t\t<\/div>\n\t\t<div class=\"elementor-element elementor-element-327c3a1 e-flex e-con-boxed e-con e-parent\" data-id=\"327c3a1\" data-element_type=\"container\" data-e-type=\"container\">\n\t\t\t\t\t<div class=\"e-con-inner\">\n\t\t\t\t<div class=\"elementor-element elementor-element-7c6398c elementor-share-buttons--view-icon elementor-share-buttons--shape-rounded elementor-share-buttons--skin-gradient elementor-grid-0 elementor-share-buttons--color-official elementor-widget elementor-widget-share-buttons\" data-id=\"7c6398c\" data-element_type=\"widget\" data-e-type=\"widget\" data-widget_type=\"share-buttons.default\">\n\t\t\t\t<div class=\"elementor-widget-container\">\n\t\t\t\t\t\t\t<div class=\"elementor-grid\" role=\"list\">\n\t\t\t\t\t\t\t\t<div class=\"elementor-grid-item\" role=\"listitem\">\n\t\t\t\t\t\t<div class=\"elementor-share-btn elementor-share-btn_facebook\" role=\"button\" tabindex=\"0\" aria-label=\"Condividi su facebook\">\n\t\t\t\t\t\t\t\t\t\t\t\t\t\t\t<span class=\"elementor-share-btn__icon\">\n\t\t\t\t\t\t\t\t<svg aria-hidden=\"true\" class=\"e-font-icon-svg e-fab-facebook\" viewBox=\"0 0 512 512\" xmlns=\"http:\/\/www.w3.org\/2000\/svg\"><path d=\"M504 256C504 119 393 8 256 8S8 119 8 256c0 123.78 90.69 226.38 209.25 245V327.69h-63V256h63v-54.64c0-62.15 37-96.48 93.67-96.48 27.14 0 55.52 4.84 55.52 4.84v61h-31.28c-30.8 0-40.41 19.12-40.41 38.73V256h68.78l-11 71.69h-57.78V501C413.31 482.38 504 379.78 504 256z\"><\/path><\/svg>\t\t\t\t\t\t\t<\/span>\n\t\t\t\t\t\t\t\t\t\t\t\t\t\t\t\t\t\t\t\t<\/div>\n\t\t\t\t\t<\/div>\n\t\t\t\t\t\t\t\t\t<div class=\"elementor-grid-item\" role=\"listitem\">\n\t\t\t\t\t\t<div class=\"elementor-share-btn elementor-share-btn_twitter\" role=\"button\" tabindex=\"0\" aria-label=\"Condividi su twitter\">\n\t\t\t\t\t\t\t\t\t\t\t\t\t\t\t<span class=\"elementor-share-btn__icon\">\n\t\t\t\t\t\t\t\t<svg aria-hidden=\"true\" class=\"e-font-icon-svg e-fab-twitter\" viewBox=\"0 0 512 512\" xmlns=\"http:\/\/www.w3.org\/2000\/svg\"><path d=\"M459.37 151.716c.325 4.548.325 9.097.325 13.645 0 138.72-105.583 298.558-298.558 298.558-59.452 0-114.68-17.219-161.137-47.106 8.447.974 16.568 1.299 25.34 1.299 49.055 0 94.213-16.568 130.274-44.832-46.132-.975-84.792-31.188-98.112-72.772 6.498.974 12.995 1.624 19.818 1.624 9.421 0 18.843-1.3 27.614-3.573-48.081-9.747-84.143-51.98-84.143-102.985v-1.299c13.969 7.797 30.214 12.67 47.431 13.319-28.264-18.843-46.781-51.005-46.781-87.391 0-19.492 5.197-37.36 14.294-52.954 51.655 63.675 129.3 105.258 216.365 109.807-1.624-7.797-2.599-15.918-2.599-24.04 0-57.828 46.782-104.934 104.934-104.934 30.213 0 57.502 12.67 76.67 33.137 23.715-4.548 46.456-13.32 66.599-25.34-7.798 24.366-24.366 44.833-46.132 57.827 21.117-2.273 41.584-8.122 60.426-16.243-14.292 20.791-32.161 39.308-52.628 54.253z\"><\/path><\/svg>\t\t\t\t\t\t\t<\/span>\n\t\t\t\t\t\t\t\t\t\t\t\t\t\t\t\t\t\t\t\t<\/div>\n\t\t\t\t\t<\/div>\n\t\t\t\t\t\t\t\t\t<div class=\"elementor-grid-item\" role=\"listitem\">\n\t\t\t\t\t\t<div class=\"elementor-share-btn elementor-share-btn_whatsapp\" role=\"button\" tabindex=\"0\" aria-label=\"Condividi su whatsapp\">\n\t\t\t\t\t\t\t\t\t\t\t\t\t\t\t<span class=\"elementor-share-btn__icon\">\n\t\t\t\t\t\t\t\t<svg aria-hidden=\"true\" class=\"e-font-icon-svg e-fab-whatsapp\" viewBox=\"0 0 448 512\" xmlns=\"http:\/\/www.w3.org\/2000\/svg\"><path d=\"M380.9 97.1C339 55.1 283.2 32 223.9 32c-122.4 0-222 99.6-222 222 0 39.1 10.2 77.3 29.6 111L0 480l117.7-30.9c32.4 17.7 68.9 27 106.1 27h.1c122.3 0 224.1-99.6 224.1-222 0-59.3-25.2-115-67.1-157zm-157 341.6c-33.2 0-65.7-8.9-94-25.7l-6.7-4-69.8 18.3L72 359.2l-4.4-7c-18.5-29.4-28.2-63.3-28.2-98.2 0-101.7 82.8-184.5 184.6-184.5 49.3 0 95.6 19.2 130.4 54.1 34.8 34.9 56.2 81.2 56.1 130.5 0 101.8-84.9 184.6-186.6 184.6zm101.2-138.2c-5.5-2.8-32.8-16.2-37.9-18-5.1-1.9-8.8-2.8-12.5 2.8-3.7 5.6-14.3 18-17.6 21.8-3.2 3.7-6.5 4.2-12 1.4-32.6-16.3-54-29.1-75.5-66-5.7-9.8 5.7-9.1 16.3-30.3 1.8-3.7.9-6.9-.5-9.7-1.4-2.8-12.5-30.1-17.1-41.2-4.5-10.8-9.1-9.3-12.5-9.5-3.2-.2-6.9-.2-10.6-.2-3.7 0-9.7 1.4-14.8 6.9-5.1 5.6-19.4 19-19.4 46.3 0 27.3 19.9 53.7 22.6 57.4 2.8 3.7 39.1 59.7 94.8 83.8 35.2 15.2 49 16.5 66.6 13.9 10.7-1.6 32.8-13.4 37.4-26.4 4.6-13 4.6-24.1 3.2-26.4-1.3-2.5-5-3.9-10.5-6.6z\"><\/path><\/svg>\t\t\t\t\t\t\t<\/span>\n\t\t\t\t\t\t\t\t\t\t\t\t\t\t\t\t\t\t\t\t<\/div>\n\t\t\t\t\t<\/div>\n\t\t\t\t\t\t\t\t\t<div class=\"elementor-grid-item\" role=\"listitem\">\n\t\t\t\t\t\t<div class=\"elementor-share-btn elementor-share-btn_email\" role=\"button\" tabindex=\"0\" aria-label=\"Condividi su email\">\n\t\t\t\t\t\t\t\t\t\t\t\t\t\t\t<span class=\"elementor-share-btn__icon\">\n\t\t\t\t\t\t\t\t<svg aria-hidden=\"true\" class=\"e-font-icon-svg e-fas-envelope\" viewBox=\"0 0 512 512\" xmlns=\"http:\/\/www.w3.org\/2000\/svg\"><path d=\"M502.3 190.8c3.9-3.1 9.7-.2 9.7 4.7V400c0 26.5-21.5 48-48 48H48c-26.5 0-48-21.5-48-48V195.6c0-5 5.7-7.8 9.7-4.7 22.4 17.4 52.1 39.5 154.1 113.6 21.1 15.4 56.7 47.8 92.2 47.6 35.7.3 72-32.8 92.3-47.6 102-74.1 131.6-96.3 154-113.7zM256 320c23.2.4 56.6-29.2 73.4-41.4 132.7-96.3 142.8-104.7 173.4-128.7 5.8-4.5 9.2-11.5 9.2-18.9v-19c0-26.5-21.5-48-48-48H48C21.5 64 0 85.5 0 112v19c0 7.4 3.4 14.3 9.2 18.9 30.6 23.9 40.7 32.4 173.4 128.7 16.8 12.2 50.2 41.8 73.4 41.4z\"><\/path><\/svg>\t\t\t\t\t\t\t<\/span>\n\t\t\t\t\t\t\t\t\t\t\t\t\t\t\t\t\t\t\t\t<\/div>\n\t\t\t\t\t<\/div>\n\t\t\t\t\t\t<\/div>\n\t\t\t\t\t\t<\/div>\n\t\t\t\t<\/div>\n\t\t\t\t\t<\/div>\n\t\t\t\t<\/div>\n\t\t\t\t<\/div>\n\t\t","protected":false},"excerpt":{"rendered":"<p>Per glorificare Dio per tutte le grazie ricevute durante le Giornate Internazionali degli Apostoli della Divina Misericordia, condividiamo con voi&#8230;<\/p>\n","protected":false},"author":5,"featured_media":3884,"comment_status":"open","ping_status":"open","sticky":false,"template":"","format":"standard","meta":{"_exactmetrics_skip_tracking":false,"_exactmetrics_sitenote_active":false,"_exactmetrics_sitenote_note":"","_exactmetrics_sitenote_category":0,"footnotes":""},"categories":[6],"tags":[11,12,33,40,55],"class_list":["post-3874","post","type-post","status-publish","format-standard","has-post-thumbnail","hentry","category-eventi","tag-apostoli-della-divina-misericordia","tag-divina-misericordia","tag-santuario-della-divina-misericordia","tag-faustinum-in-italia","tag-testimonianze"],"_links":{"self":[{"href":"https:\/\/faustinum.it\/index.php?rest_route=\/wp\/v2\/posts\/3874","targetHints":{"allow":["GET"]}}],"collection":[{"href":"https:\/\/faustinum.it\/index.php?rest_route=\/wp\/v2\/posts"}],"about":[{"href":"https:\/\/faustinum.it\/index.php?rest_route=\/wp\/v2\/types\/post"}],"author":[{"embeddable":true,"href":"https:\/\/faustinum.it\/index.php?rest_route=\/wp\/v2\/users\/5"}],"replies":[{"embeddable":true,"href":"https:\/\/faustinum.it\/index.php?rest_route=%2Fwp%2Fv2%2Fcomments&post=3874"}],"version-history":[{"count":0,"href":"https:\/\/faustinum.it\/index.php?rest_route=\/wp\/v2\/posts\/3874\/revisions"}],"wp:featuredmedia":[{"embeddable":true,"href":"https:\/\/faustinum.it\/index.php?rest_route=\/wp\/v2\/media\/3884"}],"wp:attachment":[{"href":"https:\/\/faustinum.it\/index.php?rest_route=%2Fwp%2Fv2%2Fmedia&parent=3874"}],"wp:term":[{"taxonomy":"category","embeddable":true,"href":"https:\/\/faustinum.it\/index.php?rest_route=%2Fwp%2Fv2%2Fcategories&post=3874"},{"taxonomy":"post_tag","embeddable":true,"href":"https:\/\/faustinum.it\/index.php?rest_route=%2Fwp%2Fv2%2Ftags&post=3874"}],"curies":[{"name":"wp","href":"https:\/\/api.w.org\/{rel}","templated":true}]}}