{"id":136,"date":"2024-02-12T17:42:28","date_gmt":"2024-02-12T16:42:28","guid":{"rendered":"https:\/\/faustinum.it\/?p=136"},"modified":"2024-04-26T11:37:28","modified_gmt":"2024-04-26T09:37:28","slug":"faustinum-una-scuola-formativa","status":"publish","type":"post","link":"https:\/\/faustinum.it\/?p=136","title":{"rendered":"Faustinum: una scuola formativa"},"content":{"rendered":"\t\t<div data-elementor-type=\"wp-post\" data-elementor-id=\"136\" class=\"elementor elementor-136\" data-elementor-post-type=\"post\">\n\t\t\t\t<div class=\"elementor-element elementor-element-11ddbfa e-flex e-con-boxed e-con e-parent\" data-id=\"11ddbfa\" data-element_type=\"container\" data-e-type=\"container\">\n\t\t\t\t\t<div class=\"e-con-inner\">\n\t\t\t\t<div class=\"elementor-element elementor-element-4229d9d elementor-widget elementor-widget-text-editor\" data-id=\"4229d9d\" data-element_type=\"widget\" data-e-type=\"widget\" data-widget_type=\"text-editor.default\">\n\t\t\t\t<div class=\"elementor-widget-container\">\n\t\t\t\t\t\t\t\t\t<div class=\"elementor-element elementor-element-78dbe226 elementor-widget elementor-widget-text-editor\" data-id=\"78dbe226\" data-element_type=\"widget\" data-widget_type=\"text-editor.default\"><div class=\"elementor-widget-container\"><p class=\"p1\"><span class=\"s1\">Mi chiamo Antonio Domenico Pio Caldarelli, sono Sacerdote e Frate Minore della Provincia Religiosa Salernitano-Lucana OFM. Attualmente vivo a Nocera Superiore (SA), presso il Convento del Santuario \u201cS. Maria Materdomini\u201d, il pi\u00f9 antico Santuario mariano della regione Campania. <\/span><\/p><p class=\"p1\"><span class=\"s1\">Oltre ai vari impegni provinciali e locali, dal 13 Gennaio 2022 sono inserito nella grande famiglia \u00abFAUSTINUM\u00bb; come conciliare la spiritualit\u00e0 francescana con quella dataci attraverso il vissuto di S. Faustina? <\/span><\/p><p class=\"p1\"><span class=\"s1\">Non vi \u00e8 sconnessione, anzi vi \u00e8 un binomio eccezionale! Il Serafico Padre nella sua vita ha fatto della Misericordia Divina la fonte per vivere, <i>sic et sempliciter, <\/i>il Vangelo senza sillogismi, erudizioni, ma attraverso le opere che attenzionano l\u2019umano fragile del fratello che si ha dinanzi; \u00e8 ci\u00f2 che Ges\u00f9 esplica fortemente alla Sua segretaria. <\/span><\/p><p class=\"p1\"><span class=\"s1\">L\u2019incontro con S. Faustina non \u00e8 recente, sin dalla adolescenza mi sono avvicinato alla sua esperienza attraverso la preghiera della Coroncina, la Novena e la Festa stessa. Crescendo ho avuto modo di leggere e approfondire il Diario e sono stato estasiato dall\u2019Amore viscerale del Signore nei nostri confronti, nei miei riguardi e come Egli ci vuole pienamente umani, amarlo per come siamo, con le nostre fragilit\u00e0 e secondo le capacit\u00e0 che Lui stesso ci ha donato. Interessante \u00e8 stato per me accogliere anche un nuovo modo di vedere la Passione: s\u00ec, essa \u00e8 dolore, ma inzuppata d\u2019Amore eccelso, eccessivo, disarmante. Meditare e lasciarsi guardare dal Volto del Misericordioso Risorto, trionfante mi ha sempre dato la possibilit\u00e0 di osare di pi\u00f9 nella vita quotidiana intrecciata da parole, azioni e preghiera, come \u00e8 la vita di un religioso sacerdote. <\/span><\/p><p class=\"p1\"><span class=\"s1\">E\u2019 difficile dire come vivo la spiritualit\u00e0 della Misericordia: certamente la recita della Coroncina quotidiana mi aiuta a pormi in empatia con tutte le persone che immergo, spiritualmente, nell\u2019Acqua e Sangue che sgorgano dal Cuore di Ges\u00f9 e ci\u00f2 mi dona la capacit\u00e0 di farmi vicino al loro dolore fisico e spirituale, soprattutto nel Sacramento della Riconciliazione e, per quanto \u00e8 possibile, li esorto ad avere fiducia sempre in Dio che \u00e8 Padre tenero e compassionevole. <\/span><\/p><p class=\"p1\"><span class=\"s1\">\u00c9 vero quanto Ges\u00f9 diceva a S. Faustina: \u00abQuesta mancanza di fiducia nella Mia bont\u00e0 \u00e8 quella che Mi ferisce maggiormente. Se la Mia morte non vi ha convinti del Mio amore, che cosa vi convincer\u00e0?\u00bb; ecco questa esortazione la ricordo spesso ai giovani, alle famiglie, agli adulti, agli anziani, ai malati, ai bambini, ai sacerdoti, religiosi e religiose e constato che il loro approccio alla vita e alla fede inizia a cambiare! <\/span><\/p><p class=\"p1\"><span class=\"s1\">Ringrazio il Signore per la chiamata a \u00abFaustinum\u00bb: \u00e8 una scuola formativa personale che mi aiuta a prendere consapevolezza che, la mia vocazione religiosa sacerdotale, deve essere sempre espressione dell\u2019abisso dell\u2019Amore Misericordioso, non eterea, astratta, ma \u00abnella carnalit\u00e0 del presente\u00bb, la quale \u00e8 il luogo di incontro tra l\u2019umano e il divino, perch\u00e9 il Signore scende e vince le proprie tenebre. <\/span><\/p><\/div><\/div><div class=\"elementor-element elementor-element-be87284 elementor-widget elementor-widget-text-editor\" data-id=\"be87284\" data-element_type=\"widget\" data-widget_type=\"text-editor.default\"><div class=\"elementor-widget-container\"><p class=\"p1\" style=\"text-align: right;\"><span class=\"s1\"><b>p. Antonio Domenico Pio Caldarelli OF<\/b><\/span><\/p><\/div><\/div>\t\t\t\t\t\t\t\t<\/div>\n\t\t\t\t<\/div>\n\t\t\t\t\t<\/div>\n\t\t\t\t<\/div>\n\t\t<div class=\"elementor-element elementor-element-e298fee e-flex e-con-boxed e-con e-parent\" data-id=\"e298fee\" data-element_type=\"container\" data-e-type=\"container\">\n\t\t\t\t\t<div class=\"e-con-inner\">\n\t\t\t\t<div class=\"elementor-element elementor-element-c4bc875 elementor-share-buttons--view-icon elementor-share-buttons--shape-rounded elementor-share-buttons--skin-gradient elementor-grid-0 elementor-share-buttons--color-official elementor-widget elementor-widget-share-buttons\" data-id=\"c4bc875\" data-element_type=\"widget\" data-e-type=\"widget\" data-widget_type=\"share-buttons.default\">\n\t\t\t\t<div class=\"elementor-widget-container\">\n\t\t\t\t\t\t\t<div class=\"elementor-grid\" role=\"list\">\n\t\t\t\t\t\t\t\t<div class=\"elementor-grid-item\" role=\"listitem\">\n\t\t\t\t\t\t<div class=\"elementor-share-btn elementor-share-btn_facebook\" role=\"button\" tabindex=\"0\" aria-label=\"Condividi su facebook\">\n\t\t\t\t\t\t\t\t\t\t\t\t\t\t\t<span class=\"elementor-share-btn__icon\">\n\t\t\t\t\t\t\t\t<svg aria-hidden=\"true\" class=\"e-font-icon-svg e-fab-facebook\" viewBox=\"0 0 512 512\" xmlns=\"http:\/\/www.w3.org\/2000\/svg\"><path d=\"M504 256C504 119 393 8 256 8S8 119 8 256c0 123.78 90.69 226.38 209.25 245V327.69h-63V256h63v-54.64c0-62.15 37-96.48 93.67-96.48 27.14 0 55.52 4.84 55.52 4.84v61h-31.28c-30.8 0-40.41 19.12-40.41 38.73V256h68.78l-11 71.69h-57.78V501C413.31 482.38 504 379.78 504 256z\"><\/path><\/svg>\t\t\t\t\t\t\t<\/span>\n\t\t\t\t\t\t\t\t\t\t\t\t\t\t\t\t\t\t\t\t<\/div>\n\t\t\t\t\t<\/div>\n\t\t\t\t\t\t\t\t\t<div class=\"elementor-grid-item\" role=\"listitem\">\n\t\t\t\t\t\t<div class=\"elementor-share-btn elementor-share-btn_twitter\" role=\"button\" tabindex=\"0\" aria-label=\"Condividi su twitter\">\n\t\t\t\t\t\t\t\t\t\t\t\t\t\t\t<span class=\"elementor-share-btn__icon\">\n\t\t\t\t\t\t\t\t<svg aria-hidden=\"true\" class=\"e-font-icon-svg e-fab-twitter\" viewBox=\"0 0 512 512\" xmlns=\"http:\/\/www.w3.org\/2000\/svg\"><path d=\"M459.37 151.716c.325 4.548.325 9.097.325 13.645 0 138.72-105.583 298.558-298.558 298.558-59.452 0-114.68-17.219-161.137-47.106 8.447.974 16.568 1.299 25.34 1.299 49.055 0 94.213-16.568 130.274-44.832-46.132-.975-84.792-31.188-98.112-72.772 6.498.974 12.995 1.624 19.818 1.624 9.421 0 18.843-1.3 27.614-3.573-48.081-9.747-84.143-51.98-84.143-102.985v-1.299c13.969 7.797 30.214 12.67 47.431 13.319-28.264-18.843-46.781-51.005-46.781-87.391 0-19.492 5.197-37.36 14.294-52.954 51.655 63.675 129.3 105.258 216.365 109.807-1.624-7.797-2.599-15.918-2.599-24.04 0-57.828 46.782-104.934 104.934-104.934 30.213 0 57.502 12.67 76.67 33.137 23.715-4.548 46.456-13.32 66.599-25.34-7.798 24.366-24.366 44.833-46.132 57.827 21.117-2.273 41.584-8.122 60.426-16.243-14.292 20.791-32.161 39.308-52.628 54.253z\"><\/path><\/svg>\t\t\t\t\t\t\t<\/span>\n\t\t\t\t\t\t\t\t\t\t\t\t\t\t\t\t\t\t\t\t<\/div>\n\t\t\t\t\t<\/div>\n\t\t\t\t\t\t\t\t\t<div class=\"elementor-grid-item\" role=\"listitem\">\n\t\t\t\t\t\t<div class=\"elementor-share-btn elementor-share-btn_whatsapp\" role=\"button\" tabindex=\"0\" aria-label=\"Condividi su whatsapp\">\n\t\t\t\t\t\t\t\t\t\t\t\t\t\t\t<span class=\"elementor-share-btn__icon\">\n\t\t\t\t\t\t\t\t<svg aria-hidden=\"true\" class=\"e-font-icon-svg e-fab-whatsapp\" viewBox=\"0 0 448 512\" xmlns=\"http:\/\/www.w3.org\/2000\/svg\"><path d=\"M380.9 97.1C339 55.1 283.2 32 223.9 32c-122.4 0-222 99.6-222 222 0 39.1 10.2 77.3 29.6 111L0 480l117.7-30.9c32.4 17.7 68.9 27 106.1 27h.1c122.3 0 224.1-99.6 224.1-222 0-59.3-25.2-115-67.1-157zm-157 341.6c-33.2 0-65.7-8.9-94-25.7l-6.7-4-69.8 18.3L72 359.2l-4.4-7c-18.5-29.4-28.2-63.3-28.2-98.2 0-101.7 82.8-184.5 184.6-184.5 49.3 0 95.6 19.2 130.4 54.1 34.8 34.9 56.2 81.2 56.1 130.5 0 101.8-84.9 184.6-186.6 184.6zm101.2-138.2c-5.5-2.8-32.8-16.2-37.9-18-5.1-1.9-8.8-2.8-12.5 2.8-3.7 5.6-14.3 18-17.6 21.8-3.2 3.7-6.5 4.2-12 1.4-32.6-16.3-54-29.1-75.5-66-5.7-9.8 5.7-9.1 16.3-30.3 1.8-3.7.9-6.9-.5-9.7-1.4-2.8-12.5-30.1-17.1-41.2-4.5-10.8-9.1-9.3-12.5-9.5-3.2-.2-6.9-.2-10.6-.2-3.7 0-9.7 1.4-14.8 6.9-5.1 5.6-19.4 19-19.4 46.3 0 27.3 19.9 53.7 22.6 57.4 2.8 3.7 39.1 59.7 94.8 83.8 35.2 15.2 49 16.5 66.6 13.9 10.7-1.6 32.8-13.4 37.4-26.4 4.6-13 4.6-24.1 3.2-26.4-1.3-2.5-5-3.9-10.5-6.6z\"><\/path><\/svg>\t\t\t\t\t\t\t<\/span>\n\t\t\t\t\t\t\t\t\t\t\t\t\t\t\t\t\t\t\t\t<\/div>\n\t\t\t\t\t<\/div>\n\t\t\t\t\t\t\t\t\t<div class=\"elementor-grid-item\" role=\"listitem\">\n\t\t\t\t\t\t<div class=\"elementor-share-btn elementor-share-btn_email\" role=\"button\" tabindex=\"0\" aria-label=\"Condividi su email\">\n\t\t\t\t\t\t\t\t\t\t\t\t\t\t\t<span class=\"elementor-share-btn__icon\">\n\t\t\t\t\t\t\t\t<svg aria-hidden=\"true\" class=\"e-font-icon-svg e-fas-envelope\" viewBox=\"0 0 512 512\" xmlns=\"http:\/\/www.w3.org\/2000\/svg\"><path d=\"M502.3 190.8c3.9-3.1 9.7-.2 9.7 4.7V400c0 26.5-21.5 48-48 48H48c-26.5 0-48-21.5-48-48V195.6c0-5 5.7-7.8 9.7-4.7 22.4 17.4 52.1 39.5 154.1 113.6 21.1 15.4 56.7 47.8 92.2 47.6 35.7.3 72-32.8 92.3-47.6 102-74.1 131.6-96.3 154-113.7zM256 320c23.2.4 56.6-29.2 73.4-41.4 132.7-96.3 142.8-104.7 173.4-128.7 5.8-4.5 9.2-11.5 9.2-18.9v-19c0-26.5-21.5-48-48-48H48C21.5 64 0 85.5 0 112v19c0 7.4 3.4 14.3 9.2 18.9 30.6 23.9 40.7 32.4 173.4 128.7 16.8 12.2 50.2 41.8 73.4 41.4z\"><\/path><\/svg>\t\t\t\t\t\t\t<\/span>\n\t\t\t\t\t\t\t\t\t\t\t\t\t\t\t\t\t\t\t\t<\/div>\n\t\t\t\t\t<\/div>\n\t\t\t\t\t\t<\/div>\n\t\t\t\t\t\t<\/div>\n\t\t\t\t<\/div>\n\t\t\t\t\t<\/div>\n\t\t\t\t<\/div>\n\t\t\t\t<\/div>\n\t\t","protected":false},"excerpt":{"rendered":"<p>Mi chiamo Antonio Domenico Pio Caldarelli, sono Sacerdote e Frate Minore della Provincia Religiosa Salernitano-Lucana OFM. Attualmente vivo a Nocera&#8230;<\/p>\n","protected":false},"author":3,"featured_media":137,"comment_status":"open","ping_status":"open","sticky":false,"template":"","format":"standard","meta":{"_exactmetrics_skip_tracking":false,"_exactmetrics_sitenote_active":false,"_exactmetrics_sitenote_note":"","_exactmetrics_sitenote_category":0,"footnotes":""},"categories":[3],"tags":[11],"class_list":["post-136","post","type-post","status-publish","format-standard","has-post-thumbnail","hentry","category-ritagli-di-condivisione","tag-apostoli-della-divina-misericordia"],"_links":{"self":[{"href":"https:\/\/faustinum.it\/index.php?rest_route=\/wp\/v2\/posts\/136","targetHints":{"allow":["GET"]}}],"collection":[{"href":"https:\/\/faustinum.it\/index.php?rest_route=\/wp\/v2\/posts"}],"about":[{"href":"https:\/\/faustinum.it\/index.php?rest_route=\/wp\/v2\/types\/post"}],"author":[{"embeddable":true,"href":"https:\/\/faustinum.it\/index.php?rest_route=\/wp\/v2\/users\/3"}],"replies":[{"embeddable":true,"href":"https:\/\/faustinum.it\/index.php?rest_route=%2Fwp%2Fv2%2Fcomments&post=136"}],"version-history":[{"count":0,"href":"https:\/\/faustinum.it\/index.php?rest_route=\/wp\/v2\/posts\/136\/revisions"}],"wp:featuredmedia":[{"embeddable":true,"href":"https:\/\/faustinum.it\/index.php?rest_route=\/wp\/v2\/media\/137"}],"wp:attachment":[{"href":"https:\/\/faustinum.it\/index.php?rest_route=%2Fwp%2Fv2%2Fmedia&parent=136"}],"wp:term":[{"taxonomy":"category","embeddable":true,"href":"https:\/\/faustinum.it\/index.php?rest_route=%2Fwp%2Fv2%2Fcategories&post=136"},{"taxonomy":"post_tag","embeddable":true,"href":"https:\/\/faustinum.it\/index.php?rest_route=%2Fwp%2Fv2%2Ftags&post=136"}],"curies":[{"name":"wp","href":"https:\/\/api.w.org\/{rel}","templated":true}]}}